{"id":305993,"date":"2024-02-01T22:31:00","date_gmt":"2024-02-01T19:31:00","guid":{"rendered":"https:\/\/aktion.fi\/manadens-by-i-februari\/"},"modified":"2024-09-09T09:47:34","modified_gmt":"2024-09-09T06:47:34","slug":"manadens-by-i-februari-4","status":"publish","type":"post","link":"https:\/\/aktion.fi\/fi\/manadens-by-i-februari-4\/","title":{"rendered":"M\u00c5NADENS BY I FEBRUARI"},"content":{"rendered":"<p>[et_pb_section fb_built=&#8221;1&#8243; _builder_version=&#8221;4.22.1&#8243; _module_preset=&#8221;default&#8221; global_colors_info=&#8221;{}&#8221; theme_builder_area=&#8221;post_content&#8221;][et_pb_row _builder_version=&#8221;4.22.1&#8243; _module_preset=&#8221;default&#8221; global_colors_info=&#8221;{}&#8221; theme_builder_area=&#8221;post_content&#8221;][et_pb_column type=&#8221;4_4&#8243; _builder_version=&#8221;4.22.1&#8243; _module_preset=&#8221;default&#8221; global_colors_info=&#8221;{}&#8221; theme_builder_area=&#8221;post_content&#8221;][et_pb_text _builder_version=&#8221;4.22.1&#8243; _module_preset=&#8221;default&#8221; global_colors_info=&#8221;{}&#8221; theme_builder_area=&#8221;post_content&#8221;]<\/p>\n<p>Bj\u00f6rk\u00f6by!<\/p>\n<p>De f\u00f6rsta stenarna i Kvarken av det som senare skulle bli Bj\u00f6rk\u00f6 steg upp \u00f6ver havsytan p\u00e5 400-talet. Den \u00e4ldsta urkunden om Bj\u00f6rk\u00f6 ber\u00e4ttar om Bj\u00f6rk\u00f6bor p\u00e5 1400-talet, men bos\u00e4ttning p\u00e5 \u00f6n har funnits redan tidigare. Bj\u00f6rk\u00f6 \u00e4r en sk\u00e4rg\u00e5rds\u00f6 som har pr\u00e4glats av jakt, fiske och sm\u00e5bruk. Idag bor ca 350 personer i byn.<\/p>\n<p>[\/et_pb_text][et_pb_image src=&#8221;http:\/\/aktion.fi\/wp-content\/uploads\/2024\/06\/Bjorko1-640&#215;640-1.jpg&#8221; title_text=&#8221;Bjorko1-640&#215;640&#8243; _builder_version=&#8221;4.22.1&#8243; _module_preset=&#8221;default&#8221; global_colors_info=&#8221;{}&#8221; theme_builder_area=&#8221;post_content&#8221;][\/et_pb_image][et_pb_text _builder_version=&#8221;4.22.1&#8243; _module_preset=&#8221;default&#8221; global_colors_info=&#8221;{}&#8221; theme_builder_area=&#8221;post_content&#8221;]Foto: Barnen springer terr\u00e4ngcup i Svedjehamn<\/p>\n<p>Kvarkens sk\u00e4rg\u00e5rd h\u00f6r till ett av sju v\u00e4rldsarv i Finland och \u00e4r det enda som har naturarvsstatus. V\u00e4rldsarven utses av UNESCO och Kvarken upptogs \u00e5r 2006 p\u00e5 Unescos v\u00e4rldsarvslista som en del av v\u00e4rldsnaturarvet High Coast\/Kvarken Archipelago. Kvarkens sk\u00e4rg\u00e5rd och H\u00f6ga Kusten i Sverige \u00e4r varandras geologiska motsvarigheter. Kvarkens steniga sk\u00e4rg\u00e5rd utg\u00f6r ett unikt landskap som har formats av istiden och p\u00e5verkats av landh\u00f6jningen. Redan p\u00e5 1100- och 1200-talen framtr\u00e4dde, tack vare landh\u00f6jningen, l\u00e5ngsmala sk\u00e4r, s.k. De Geer-mor\u00e4ner, p\u00e5 vilka de gamla stamhemmanens g\u00e5rdar p\u00e5 Bj\u00f6rk\u00f6 finns placerade \u00e4nnu idag. F\u00f6r cirka 10 000 \u00e5r sedan d\u00e5 inlandsisen b\u00f6rjade sm\u00e4lta framtr\u00e4dde dessa mor\u00e4nformationer. Bj\u00f6rk\u00f6 bes\u00f6ks av 50 000-60 000 turister varje \u00e5r, och m\u00e5nga tar sig upp i Saltkaret f\u00f6r att se exempel p\u00e5 De Geer-mor\u00e4nerna.<\/p>\n<p>(Det \u00e4ldsta naturskyddsomr\u00e5det i Korsholm \u00e4r Vals\u00f6rarna-Bj\u00f6rk\u00f6grunden som Bj\u00f6rk\u00f6 skifteslag fredade \u00e5r 1934. Den senaste utvidgningen och \u00e4ndringen av fredningsbest\u00e4mmelserna gjordes \u00e5r 1977. Omr\u00e5det ing\u00e5r i Natura 2000 och \u00e4r \u00e4ven en del av Kvarkens v\u00e4rldsarv.)[\/et_pb_text][et_pb_image src=&#8221;http:\/\/aktion.fi\/wp-content\/uploads\/2024\/06\/Bjorko2-640&#215;640-1.jpg&#8221; title_text=&#8221;Bjorko2-640&#215;640&#8243; _builder_version=&#8221;4.22.1&#8243; _module_preset=&#8221;default&#8221; global_colors_info=&#8221;{}&#8221; theme_builder_area=&#8221;post_content&#8221;][\/et_pb_image][et_pb_text _builder_version=&#8221;4.22.1&#8243; _module_preset=&#8221;default&#8221; global_colors_info=&#8221;{}&#8221; theme_builder_area=&#8221;post_content&#8221;]<\/p>\n<p>Foto: De Geer-mor\u00e4nerna uppifr\u00e5n Saltkaret<\/p>\n<p>F\u00f6reningsverksamheten \u00e4r livlig och det finns m\u00e5nga f\u00f6reningar i byn. Ungdomsf\u00f6reningen \u00e4r aktiv och ordnar exempelvis varje \u00e5r p\u00e5 fastlagstisdagen \u201dlillvarvet \u201doch \u201dstorvarvet\u201d. Barn springer runt byn med bj\u00e4llror som klingar under lillvarvet, medan storvarvet g\u00e5r av stapeln p\u00e5 kv\u00e4llen. Byns ungdomar och \u00e4ven \u00e4ldre personer kl\u00e4r ut sig, anv\u00e4nder masker f\u00f6r att inte bli igenk\u00e4nda, och skojar med det efterf\u00f6ljande t\u00e5get av m\u00e4nniskor. Springandet kring byn p\u00e5 fastlagstisdagen \u00e4r en flera hundra \u00e5r gammal tradition som utgick fr\u00e5n d\u00e5tidens vargskall, och som senare influerades av karnevaler p\u00e5 andra h\u00e5ll i v\u00e4rlden.<\/p>\n<p>[\/et_pb_text][et_pb_image src=&#8221;http:\/\/aktion.fi\/wp-content\/uploads\/2024\/06\/Bjorko3-640&#215;640-1.jpg&#8221; title_text=&#8221;Bjorko3-640&#215;640&#8243; _builder_version=&#8221;4.22.1&#8243; _module_preset=&#8221;default&#8221; global_colors_info=&#8221;{}&#8221; theme_builder_area=&#8221;post_content&#8221;][\/et_pb_image][et_pb_text _builder_version=&#8221;4.22.1&#8243; _module_preset=&#8221;default&#8221; global_colors_info=&#8221;{}&#8221; theme_builder_area=&#8221;post_content&#8221;]Foto: Storvarvet 2023 var rekordstort<\/p>\n<p>P\u00e5 sommaren ordnar ungdomsf\u00f6reningen postrodden mellan Bj\u00f6rk\u00f6 och Holm\u00f6n. Vartannat \u00e5r g\u00e5r starten fr\u00e5n Bj\u00f6rk\u00f6, och vartannat \u00e5r ror man fr\u00e5n Sverige och hit. Tyv\u00e4rr har v\u00e4dret inte varit gynnsamt p\u00e5 flera \u00e5r, och postrodden har ordnats som en kortare De Geer-rodd de \u00e5r den l\u00e4ngre rodden inte har kunnat genomf\u00f6ras.[\/et_pb_text][et_pb_image src=&#8221;http:\/\/aktion.fi\/wp-content\/uploads\/2024\/06\/Bjorko4-640&#215;640-1.jpg&#8221; title_text=&#8221;Bjorko4-640&#215;640&#8243; _builder_version=&#8221;4.22.1&#8243; _module_preset=&#8221;default&#8221; global_colors_info=&#8221;{}&#8221; theme_builder_area=&#8221;post_content&#8221;][\/et_pb_image][et_pb_text _builder_version=&#8221;4.22.1&#8243; _module_preset=&#8221;default&#8221; global_colors_info=&#8221;{}&#8221; theme_builder_area=&#8221;post_content&#8221;]<\/p>\n<p>Foto: Postrodden genomf\u00f6rs i allmogekl\u00e4der<\/p>\n<p>Fornminnesf\u00f6reningen \u00e4r aktiv med nytt b\u00e5tmuseibygge vid Svedjehamn och varje sommar ordnas v\u00e4lbes\u00f6kta ber\u00e4ttarkv\u00e4llar. Vid g\u00e5rdsmuseet M\u00e5rtes och Soldatens stuga kan man se byns och traktens unika blommade allmogesk\u00e5p. F\u00f6reningen underh\u00e5ller \u00e4ven b\u00e5thusen i den gamla hamnen vid Bodback, vid vilken man kan se highlandkor beta sommartid om man g\u00e5r vandringsleden runt bodvattnet.<\/p>\n<p>[\/et_pb_text][et_pb_image src=&#8221;http:\/\/aktion.fi\/wp-content\/uploads\/2024\/06\/Bjorko5-640&#215;640-1.jpg&#8221; title_text=&#8221;Bjorko5-640&#215;640&#8243; _builder_version=&#8221;4.22.1&#8243; _module_preset=&#8221;default&#8221; global_colors_info=&#8221;{}&#8221; theme_builder_area=&#8221;post_content&#8221;][\/et_pb_image][et_pb_text _builder_version=&#8221;4.22.1&#8243; _module_preset=&#8221;default&#8221; custom_padding=&#8221;||||false|false&#8221; global_colors_info=&#8221;{}&#8221; theme_builder_area=&#8221;post_content&#8221;]<\/p>\n<p>Foto: Fornminnesf\u00f6reningen nya b\u00e5tmuseums taklagsfest<\/p>\n<p>[\/et_pb_text][et_pb_image src=&#8221;http:\/\/aktion.fi\/wp-content\/uploads\/2024\/06\/Bjorko6-1-640&#215;640-1.jpg&#8221; title_text=&#8221;Bjorko6-1-640&#215;640&#8243; _builder_version=&#8221;4.22.1&#8243; _module_preset=&#8221;default&#8221; global_colors_info=&#8221;{}&#8221; theme_builder_area=&#8221;post_content&#8221;][\/et_pb_image][et_pb_text _builder_version=&#8221;4.22.1&#8243; _module_preset=&#8221;default&#8221; global_colors_info=&#8221;{}&#8221; theme_builder_area=&#8221;post_content&#8221;]Foto: Vid Bodback ordnas ibland ber\u00e4ttarkv\u00e4llar<\/p>\n<p>Folkh\u00e4lsan har en diger verksamhet, med egen lekpark, minigolfbana, gym och familjecaf\u00e9. F\u00f6r barn ordnas simskola sommartid, och f\u00f6r vuxna s\u00e5v\u00e4l jumppakurser som promenadgrupper. \u00c5r 2023 premierades Bj\u00f6rk\u00f6by som den f\u00f6rening som samlat de flesta steg bland medelstora f\u00f6reningar i t\u00e4vlingen H\u00e4lsostegen. \u00c4ven byar\u00e5det \u00e4r en aktiv f\u00f6rening i Bj\u00f6rk\u00f6by, och ordnar verksamhet f\u00f6r hela byns trivsel. Bland de st\u00f6rre evenemangen kan byajulfesten och sommarens alls\u00e5ng n\u00e4mnas, och varje \u00e5r delas \u201d\u00c5rets julblomma\u201d ut till en Bj\u00f6rk\u00f6bo som gjort en fin insats f\u00f6r byn och dess inv\u00e5nare.[\/et_pb_text][et_pb_image src=&#8221;http:\/\/aktion.fi\/wp-content\/uploads\/2024\/06\/Bjorko7-640&#215;640-1.jpg&#8221; title_text=&#8221;Bjorko7-640&#215;640&#8243; _builder_version=&#8221;4.22.1&#8243; _module_preset=&#8221;default&#8221; global_colors_info=&#8221;{}&#8221; theme_builder_area=&#8221;post_content&#8221;][\/et_pb_image][et_pb_text _builder_version=&#8221;4.22.1&#8243; _module_preset=&#8221;default&#8221; global_colors_info=&#8221;{}&#8221; theme_builder_area=&#8221;post_content&#8221;]Foto: Byajulfesten, d\u00e4r \u201d\u00c5rets julblomma\u201d ocks\u00e5 delas ut<\/p>\n<p>Bj\u00f6rk\u00f6 Handeln med sitt caf\u00e9 \u00e4r byns samlingspunkt \u00e5ret runt. \u00c4ta kan man \u00e4ven g\u00f6ra p\u00e5 Kvarkens v\u00e4rdshus, och sommartid p\u00e5 Caf\u00e9 Salteriet.[\/et_pb_text][et_pb_image src=&#8221;http:\/\/aktion.fi\/wp-content\/uploads\/2024\/06\/Bjorko8-640&#215;640-1.jpg&#8221; title_text=&#8221;Bjorko8-640&#215;640&#8243; _builder_version=&#8221;4.22.1&#8243; _module_preset=&#8221;default&#8221; global_colors_info=&#8221;{}&#8221; theme_builder_area=&#8221;post_content&#8221;][\/et_pb_image][et_pb_text _builder_version=&#8221;4.22.1&#8243; _module_preset=&#8221;default&#8221; global_colors_info=&#8221;{}&#8221; theme_builder_area=&#8221;post_content&#8221;]Foto: Bj\u00f6rk\u00f6 Handelns sommarterrass samlar b\u00e5de bybor och turister<\/p>\n<p>Foton: \u00a9 Maj-Helen Nyback &amp; Pia Backman-Nord[\/et_pb_text][\/et_pb_column][\/et_pb_row][\/et_pb_section]<\/p>\n","protected":false},"excerpt":{"rendered":"<p>Bj\u00f6rk\u00f6by! De f\u00f6rsta stenarna i Kvarken av det som senare skulle bli Bj\u00f6rk\u00f6 steg upp \u00f6ver havsytan p\u00e5 400-talet. Den \u00e4ldsta urkunden om Bj\u00f6rk\u00f6 ber\u00e4ttar om Bj\u00f6rk\u00f6bor p\u00e5 1400-talet, men [&hellip;]<\/p>\n","protected":false},"author":15,"featured_media":305964,"comment_status":"open","ping_status":"closed","sticky":false,"template":"","format":"standard","meta":{"_acf_changed":false,"_et_pb_use_builder":"on","_et_pb_old_content":"","_et_gb_content_width":"","footnotes":""},"categories":[48,50,165,164,51],"tags":[],"class_list":["post-305993","post","type-post","status-publish","format-standard","has-post-thumbnail","hentry","category-aktionosterbotten","category-aktionosterbottenrf","category-kuukaudenkyla","category-kylat","category-manadens-by"],"acf":[],"_links":{"self":[{"href":"https:\/\/aktion.fi\/fi\/wp-json\/wp\/v2\/posts\/305993","targetHints":{"allow":["GET"]}}],"collection":[{"href":"https:\/\/aktion.fi\/fi\/wp-json\/wp\/v2\/posts"}],"about":[{"href":"https:\/\/aktion.fi\/fi\/wp-json\/wp\/v2\/types\/post"}],"author":[{"embeddable":true,"href":"https:\/\/aktion.fi\/fi\/wp-json\/wp\/v2\/users\/15"}],"replies":[{"embeddable":true,"href":"https:\/\/aktion.fi\/fi\/wp-json\/wp\/v2\/comments?post=305993"}],"version-history":[{"count":5,"href":"https:\/\/aktion.fi\/fi\/wp-json\/wp\/v2\/posts\/305993\/revisions"}],"predecessor-version":[{"id":308185,"href":"https:\/\/aktion.fi\/fi\/wp-json\/wp\/v2\/posts\/305993\/revisions\/308185"}],"wp:featuredmedia":[{"embeddable":true,"href":"https:\/\/aktion.fi\/fi\/wp-json\/wp\/v2\/media\/305964"}],"wp:attachment":[{"href":"https:\/\/aktion.fi\/fi\/wp-json\/wp\/v2\/media?parent=305993"}],"wp:term":[{"taxonomy":"category","embeddable":true,"href":"https:\/\/aktion.fi\/fi\/wp-json\/wp\/v2\/categories?post=305993"},{"taxonomy":"post_tag","embeddable":true,"href":"https:\/\/aktion.fi\/fi\/wp-json\/wp\/v2\/tags?post=305993"}],"curies":[{"name":"wp","href":"https:\/\/api.w.org\/{rel}","templated":true}]}}