{"id":306141,"date":"2023-07-23T12:57:54","date_gmt":"2023-07-23T09:57:54","guid":{"rendered":"https:\/\/aktion.fi\/?p=306141"},"modified":"2025-08-22T10:39:38","modified_gmt":"2025-08-22T07:39:38","slug":"oxkangar-vuoden-kyla-pohjanmaalla-2023","status":"publish","type":"post","link":"https:\/\/aktion.fi\/fi\/oxkangar-vuoden-kyla-pohjanmaalla-2023\/","title":{"rendered":"OXKANGAR \u2013 VUODEN KYL\u00c4 POHJANMAALLA 2023"},"content":{"rendered":"<p>[et_pb_section fb_built=&#8221;1&#8243; _builder_version=&#8221;4.22.1&#8243; _module_preset=&#8221;default&#8221; global_colors_info=&#8221;{}&#8221; theme_builder_area=&#8221;post_content&#8221;][et_pb_row _builder_version=&#8221;4.22.1&#8243; _module_preset=&#8221;default&#8221; global_colors_info=&#8221;{}&#8221; theme_builder_area=&#8221;post_content&#8221;][et_pb_column type=&#8221;4_4&#8243; _builder_version=&#8221;4.22.1&#8243; _module_preset=&#8221;default&#8221; global_colors_info=&#8221;{}&#8221; theme_builder_area=&#8221;post_content&#8221;][et_pb_text _builder_version=&#8221;4.22.1&#8243; _module_preset=&#8221;default&#8221; global_colors_info=&#8221;{}&#8221; theme_builder_area=&#8221;post_content&#8221;]<\/p>\n<p>\u201dAjatella, ett\u00e4 saamme asua t\u00e4llaisessa paikassa\u201d<br \/>Oxkangar on pieni kyl\u00e4, jolla on suuri itseluottamus ja tulevaisuudenusko<\/p>\n<p>Oxkangarin kyl\u00e4ss\u00e4, V\u00f6yrill\u00e4 on saatu paljon aikaan. Kyl\u00e4n uimarantaan on rakennettu pukukopit ja ponttonilaituri. Entinen koulu on kunnostettu kokoontumispaikaksi, jota kyl\u00e4toimikunnan lis\u00e4ksi my\u00f6s muut yhdistykset k\u00e4ytt\u00e4v\u00e4t ahkerasti. Kyl\u00e4talon l\u00e4hell\u00e4 on vaellusreitti, pihalla pian valmistuva grillikatos ja hiljattain rakennettu leikkipuisto lapsille. Sen erikoisuutena on vanhasta veneest\u00e4 tehty leikkim\u00f6kki. Vene sopiikin hyvin saarella sijaitsevaan kyl\u00e4\u00e4n, kaikkialta on lyhyt merelle.<\/p>\n<p>Kyl\u00e4toimikunnan j\u00e4senet listaavat kyl\u00e4ns\u00e4 parhaita puolia: rauha, kaunis luonto ja tietty vapaus.<\/p>\n<ul>\n<li>Meill\u00e4 on vett\u00e4 kaikkialla ja monella oma ranta. Meren katsominen ja kuunteleminen rauhoittaa ja on kuin l\u00e4\u00e4kett\u00e4. Teen ty\u00f6matkoja niin Kiinaan kuin p\u00e4\u00e4kaupunkiseudulle ja aina niiden j\u00e4lkeen arvostan sit\u00e4 rauhaa, joka t\u00e4\u00e4ll\u00e4 meill\u00e4 on, Bengt Sebbas kiittelee.<br \/>Kyl\u00e4n aikaansaamiset h\u00e4mm\u00e4stytt\u00e4v\u00e4t, kun Sebbas kertoo, ett\u00e4 aktiivisia on vain 7 \u2013 10 ihmisen joukko. M\u00e4\u00e4r\u00e4 ei ole suuren suuri, mutta koko kyl\u00e4n asukasm\u00e4\u00e4r\u00e4\u00e4n suhteutettuna se on paljon.<br \/>Kyl\u00e4ss\u00e4 on asukkaita noin 50 eli heist\u00e4 viidesosa on saatu mukaan toimintaan.<\/li>\n<li>Ja perinteisiin kes\u00e4juhliin tulevat sitten kaikki, my\u00f6s kes\u00e4asukkaat, joita on saman verran kuin asukkaita. Monella on juuret kyl\u00e4ss\u00e4 ja yh\u00e4 kes\u00e4paikka, vaikka he ovatkin muuttaneet Ruotsiin,<br \/>puheenjohtaja Per S\u00f6derblom kertoo.<br \/>Kyl\u00e4\u00e4n on saatu my\u00f6s uusia asukkaita ja paluumuuttajia. Perin tyt\u00e4r Johanna Lerstrand sanoo nuorempana olleensa varma, ettei j\u00e4\u00e4 kyl\u00e4\u00e4n asumaan, mutta palasi kuitenkin. Pandemia-aika sai<br \/>Malena Stenkullin perheen muuttamaan pysyv\u00e4sti m\u00f6kkipaikkakunnalleen Oxkangariin.<\/li>\n<li>Asuimme Vaasassa, mutta kaipasimme t\u00e4nne koko ajan. Et\u00e4ty\u00f6 mahdollisti muuttamisen. Teini-<br \/>ik\u00e4iset lapsetkin viihtyv\u00e4t t\u00e4\u00e4ll\u00e4, el\u00e4minen on helpompaa kuin kaupungissa. Aina v\u00e4lill\u00e4 sanomme \u00e4\u00e4neen, ett\u00e4 ajatella, ett\u00e4 saamme asua t\u00e4llaisessa paikassa, Stenkull kertoo.<br \/>Yksi kyl\u00e4n isoimmista uurastuksista ja esimerkki kyl\u00e4l\u00e4isten yhteenkuuluvuuden voimasta on ollut<br \/>umpeenkasvaneen vanhan merenlahden kunnostaminen. Fladan ranta-alueita on raivattu ja laidunnusalue perustettu. Tavoitteena on ollut parantaa vedenlaatua, saada lis\u00e4\u00e4 lintuja ja kaloja<br \/>sek\u00e4 alue virkistysk\u00e4ytt\u00f6\u00f6n.<br \/>Kyl\u00e4ll\u00e4 ei juurikaan ole t\u00e4ysin tyhjill\u00e4\u00e4n olevia taloja. Kyl\u00e4kauppaa ei en\u00e4\u00e4 ole, mutta siell\u00e4 k\u00e4y<br \/>kauppa-auto ja lukun\u00e4lk\u00e4\u00e4n apua tarjoaa kirjastoauto.<\/li>\n<li>Palvelu on erinomaista, olimme kerran hiihtolomalla Vuokatissa hiiht\u00e4m\u00e4ss\u00e4 ja sain sinne puhelun kirjastoautosta, joka muistutti, ett\u00e4 vaikka on loma-aika, niin kirjastoauto tulee kyll\u00e4 silloinkin.<br \/>Yhteis\u00f6 on pieni, mutta uudet asukkaat otetaan hyvin mukaan. Kyl\u00e4toimikunnan sihteerin\u00e4 toimiva<br \/>Stenkull kertoo, ettei heid\u00e4n itsens\u00e4 tarvinnut juuri olla aktiivisia kyl\u00e4l\u00e4isiin tutustuakseen.<\/li>\n<li>T\u00e4\u00e4ll\u00e4 on sallittua ja luonnollista tulla kyl\u00e4\u00e4n toisten luo ja sill\u00e4 lailla turvallista, ett\u00e4 apua saa<br \/>tarvittaessa mist\u00e4 tahansa talosta.<\/li>\n<li>Meill\u00e4 on t\u00e4\u00e4ll\u00e4 vahva usko tulevaisuuteen, emme vain puhu, vaan toteutamme asioita, S\u00f6derblom kiteytt\u00e4\u00e4.<\/li>\n<\/ul>\n<p>[\/et_pb_text][\/et_pb_column][\/et_pb_row][\/et_pb_section]<\/p>\n","protected":false},"excerpt":{"rendered":"<p>\u201dAjatella, ett\u00e4 saamme asua t\u00e4llaisessa paikassa\u201dOxkangar on pieni kyl\u00e4, jolla on suuri itseluottamus ja tulevaisuudenusko Oxkangarin kyl\u00e4ss\u00e4, V\u00f6yrill\u00e4 on saatu paljon aikaan. Kyl\u00e4n uimarantaan on rakennettu pukukopit ja ponttonilaituri. Entinen [&hellip;]<\/p>\n","protected":false},"author":15,"featured_media":305674,"comment_status":"closed","ping_status":"closed","sticky":false,"template":"","format":"standard","meta":{"_acf_changed":false,"_et_pb_use_builder":"on","_et_pb_old_content":"","_et_gb_content_width":"","footnotes":""},"categories":[50],"tags":[],"class_list":["post-306141","post","type-post","status-publish","format-standard","has-post-thumbnail","hentry","category-aktionosterbottenrf"],"acf":[],"_links":{"self":[{"href":"https:\/\/aktion.fi\/fi\/wp-json\/wp\/v2\/posts\/306141","targetHints":{"allow":["GET"]}}],"collection":[{"href":"https:\/\/aktion.fi\/fi\/wp-json\/wp\/v2\/posts"}],"about":[{"href":"https:\/\/aktion.fi\/fi\/wp-json\/wp\/v2\/types\/post"}],"author":[{"embeddable":true,"href":"https:\/\/aktion.fi\/fi\/wp-json\/wp\/v2\/users\/15"}],"replies":[{"embeddable":true,"href":"https:\/\/aktion.fi\/fi\/wp-json\/wp\/v2\/comments?post=306141"}],"version-history":[{"count":4,"href":"https:\/\/aktion.fi\/fi\/wp-json\/wp\/v2\/posts\/306141\/revisions"}],"predecessor-version":[{"id":312285,"href":"https:\/\/aktion.fi\/fi\/wp-json\/wp\/v2\/posts\/306141\/revisions\/312285"}],"wp:featuredmedia":[{"embeddable":true,"href":"https:\/\/aktion.fi\/fi\/wp-json\/wp\/v2\/media\/305674"}],"wp:attachment":[{"href":"https:\/\/aktion.fi\/fi\/wp-json\/wp\/v2\/media?parent=306141"}],"wp:term":[{"taxonomy":"category","embeddable":true,"href":"https:\/\/aktion.fi\/fi\/wp-json\/wp\/v2\/categories?post=306141"},{"taxonomy":"post_tag","embeddable":true,"href":"https:\/\/aktion.fi\/fi\/wp-json\/wp\/v2\/tags?post=306141"}],"curies":[{"name":"wp","href":"https:\/\/api.w.org\/{rel}","templated":true}]}}