{"id":306308,"date":"2023-04-14T14:34:00","date_gmt":"2023-04-14T14:34:00","guid":{"rendered":"https:\/\/aktion.fi\/?p=306308"},"modified":"2024-09-09T10:04:41","modified_gmt":"2024-09-09T07:04:41","slug":"energiailta","status":"publish","type":"post","link":"https:\/\/aktion.fi\/fi\/energiailta\/","title":{"rendered":"\u00c4LYK\u00c4S ENERGIAKYL\u00c4 3.0 \u2013 ENERGIAILTA 27.4.2023"},"content":{"rendered":"<p>[et_pb_section fb_built=&#8221;1&#8243; _builder_version=&#8221;4.22.1&#8243; _module_preset=&#8221;default&#8221; global_colors_info=&#8221;{}&#8221; theme_builder_area=&#8221;post_content&#8221;][et_pb_row _builder_version=&#8221;4.22.1&#8243; _module_preset=&#8221;default&#8221; custom_padding=&#8221;||23px|||&#8221; global_colors_info=&#8221;{}&#8221; theme_builder_area=&#8221;post_content&#8221;][et_pb_column type=&#8221;4_4&#8243; _builder_version=&#8221;4.22.1&#8243; _module_preset=&#8221;default&#8221; global_colors_info=&#8221;{}&#8221; theme_builder_area=&#8221;post_content&#8221;][et_pb_text _builder_version=&#8221;4.22.1&#8243; _module_preset=&#8221;default&#8221; global_colors_info=&#8221;{}&#8221; theme_builder_area=&#8221;post_content&#8221;]<\/p>\n<p>Aktion \u00d6sterbotten toteuttaa \u00c4ht\u00e4v\u00e4ll\u00e4 \u00c4lyk\u00e4s energiakyl\u00e4-pilotin, joka on osa laajempaa RIPEET projektia. Tervetuloa kartoittamaan alueen energia- ja osaamispotentiaalia ja piirt\u00e4m\u00e4\u00e4n karttaa kohti energiomavaraista kyl\u00e4\u00e4.<\/p>\n<p><strong>Tervetuloa<\/strong><\/p>\n<p>Sofia Nybacka ja Stefan Tolvers \u2013 Byar\u00e5det i \u00d6veresse<\/p>\n<p>Rickard Nybacka \u2013 Esseg\u00e5rden<\/p>\n<p><strong>Peders\u00f6ress\u00e4 meneill\u00e4\u00e4n olevia energiaprojekteja<\/strong><\/p>\n<p>Ingvar Kulla \u2013 Esse Elektrokraft &amp; Autocirc\u00b4s batteriproject<\/p>\n<p>Kjell Gripenberg \u2013 PK biogas<\/p>\n<p><strong>RIPEET \u2013 Responsible energy transition<\/strong><\/p>\n<p>Johanna Dahl \u2013 Pohjanmaan liitto<\/p>\n<p>Mona Enell-Nilsson \u2013 Vaasan yliopisto<\/p>\n<p>Tauko<\/p>\n<p><strong>Energiakyl\u00e4-konsepti ja aiemmat kokemukset<\/strong><\/p>\n<p>Pekka Peura \u2013 VEBIC<\/p>\n<p><strong>Pohjanmaan \u00e4lykk\u00e4\u00e4t kyl\u00e4t ja \u00e4lyk\u00e4s maaseutu<\/strong><\/p>\n<p>Mathias H\u00f6gbacka och Piritta Syrj\u00e4l\u00e4, Aktion \u00d6sterbotten<\/p>\n<p>[\/et_pb_text][\/et_pb_column][\/et_pb_row][\/et_pb_section]<\/p>\n","protected":false},"excerpt":{"rendered":"<p>Aktion \u00d6sterbotten toteuttaa \u00c4ht\u00e4v\u00e4ll\u00e4 \u00c4lyk\u00e4s energiakyl\u00e4-pilotin, joka on osa laajempaa RIPEET projektia. Tervetuloa kartoittamaan alueen energia- ja osaamispotentiaalia ja piirt\u00e4m\u00e4\u00e4n karttaa kohti energiomavaraista kyl\u00e4\u00e4. Tervetuloa Sofia Nybacka ja Stefan Tolvers [&hellip;]<\/p>\n","protected":false},"author":3,"featured_media":306311,"comment_status":"open","ping_status":"closed","sticky":false,"template":"","format":"standard","meta":{"_acf_changed":false,"_et_pb_use_builder":"on","_et_pb_old_content":"","_et_gb_content_width":"","footnotes":""},"categories":[18],"tags":[],"class_list":["post-306308","post","type-post","status-publish","format-standard","has-post-thumbnail","hentry","category-byar"],"acf":[],"_links":{"self":[{"href":"https:\/\/aktion.fi\/fi\/wp-json\/wp\/v2\/posts\/306308","targetHints":{"allow":["GET"]}}],"collection":[{"href":"https:\/\/aktion.fi\/fi\/wp-json\/wp\/v2\/posts"}],"about":[{"href":"https:\/\/aktion.fi\/fi\/wp-json\/wp\/v2\/types\/post"}],"author":[{"embeddable":true,"href":"https:\/\/aktion.fi\/fi\/wp-json\/wp\/v2\/users\/3"}],"replies":[{"embeddable":true,"href":"https:\/\/aktion.fi\/fi\/wp-json\/wp\/v2\/comments?post=306308"}],"version-history":[{"count":5,"href":"https:\/\/aktion.fi\/fi\/wp-json\/wp\/v2\/posts\/306308\/revisions"}],"predecessor-version":[{"id":310176,"href":"https:\/\/aktion.fi\/fi\/wp-json\/wp\/v2\/posts\/306308\/revisions\/310176"}],"wp:featuredmedia":[{"embeddable":true,"href":"https:\/\/aktion.fi\/fi\/wp-json\/wp\/v2\/media\/306311"}],"wp:attachment":[{"href":"https:\/\/aktion.fi\/fi\/wp-json\/wp\/v2\/media?parent=306308"}],"wp:term":[{"taxonomy":"category","embeddable":true,"href":"https:\/\/aktion.fi\/fi\/wp-json\/wp\/v2\/categories?post=306308"},{"taxonomy":"post_tag","embeddable":true,"href":"https:\/\/aktion.fi\/fi\/wp-json\/wp\/v2\/tags?post=306308"}],"curies":[{"name":"wp","href":"https:\/\/api.w.org\/{rel}","templated":true}]}}