{"id":306417,"date":"2023-02-22T16:34:00","date_gmt":"2023-02-22T13:34:00","guid":{"rendered":"https:\/\/aktion.fi\/?p=306417"},"modified":"2024-09-02T15:45:45","modified_gmt":"2024-09-02T12:45:45","slug":"avoimet-kylat-paiva-2023","status":"publish","type":"post","link":"https:\/\/aktion.fi\/fi\/avoimet-kylat-paiva-2023\/","title":{"rendered":"AVOIMET KYL\u00c4T -P\u00c4IV\u00c4 2023"},"content":{"rendered":"<p>[et_pb_section fb_built=&#8221;1&#8243; _builder_version=&#8221;4.22.1&#8243; _module_preset=&#8221;default&#8221; global_colors_info=&#8221;{}&#8221; theme_builder_area=&#8221;post_content&#8221;][et_pb_row _builder_version=&#8221;4.22.1&#8243; _module_preset=&#8221;default&#8221; min_height=&#8221;1031px&#8221; global_colors_info=&#8221;{}&#8221; theme_builder_area=&#8221;post_content&#8221;][et_pb_column type=&#8221;4_4&#8243; _builder_version=&#8221;4.22.1&#8243; _module_preset=&#8221;default&#8221; global_colors_info=&#8221;{}&#8221; theme_builder_area=&#8221;post_content&#8221;][et_pb_text _builder_version=&#8221;4.22.1&#8243; _module_preset=&#8221;default&#8221; global_colors_info=&#8221;{}&#8221; theme_builder_area=&#8221;post_content&#8221;]<\/p>\n<p><strong>AVOIMET KYL\u00c4T -P\u00c4IV\u00c4 ON SUOMEN SUURIN KYL\u00c4TAPAHTUMA<\/strong><strong><\/strong><\/p>\n<p>Avoimet kyl\u00e4t -p\u00e4iv\u00e4 j\u00e4rjestet\u00e4\u00e4n<span>\u00a0<\/span><strong>10.6.2023<\/strong><span>\u00a0<\/span>valtakunnallisesti jo yhdeks\u00e4tt\u00e4 kertaa. P\u00e4iv\u00e4n tavoitteena on lis\u00e4t\u00e4 kyl\u00e4matkailua ja samalla tuoda parrasvaloihin kylien monipuolista toimintaa. Tapahtumissa esitell\u00e4\u00e4n kyli\u00e4 matkailijoille ja uusille mahdollisille asukkaille.<\/p>\n<p>Avoimet kyl\u00e4t -p\u00e4iv\u00e4n\u00e4 kyl\u00e4t avaavat ovensa ja j\u00e4rjest\u00e4v\u00e4t vierailijoille monipuolista ohjelmaa. Ohjelmassa on sek\u00e4 perinteisi\u00e4 pihakirppiksi\u00e4 ja talkoita ett\u00e4 paikallisia erikoisuuksia, kuten sauna- ja karaokemaratoneja.<\/p>\n<p>Tapahtuman j\u00e4rjest\u00e4v\u00e4t yhteisty\u00f6ss\u00e4 Suomen Kyl\u00e4t ry, maakunnalliset kyl\u00e4yhdistykset, Leader-ryhm\u00e4t, paikalliset yhdistykset ja aktiivit.<\/p>\n<p>Tapahtuman markkinoinnissa k\u00e4ytet\u00e4\u00e4n aihetunnisteita: #avoimetkyl\u00e4t #ylpeydell\u00e4kyl\u00e4st\u00e4 #TeeSeKylill\u00e4<\/p>\n<p>L\u00f6yd\u00e4t tapahtuman nettisivut oheisesta linkist\u00e4:<span>\u00a0<\/span><a href=\"https:\/\/avoimetkylat.fi\/\">https:\/\/avoimetkylat.fi\/<\/a><\/p>\n<p><strong>ILMOITTAUTUMINEN<\/strong><\/p>\n<p>Ilmoita tapahtumanne Avoimet Kyl\u00e4t -p\u00e4iv\u00e4\u00e4n<span>\u00a0<\/span><strong>28.5. menness\u00e4<\/strong><span>\u00a0<\/span>lomakkeella:\u00a0<a href=\"https:\/\/forms.office.com\/e\/1Ht1HgUU7d\" target=\"_blank\" rel=\"noreferrer noopener\">https:\/\/forms.office.com\/e\/1Ht1HgUU7d<\/a><\/p>\n<p>Lis\u00e4tietoja ilmoittautumisesta:\u00a0<a href=\"mailto:marianne.liitela@suomenkylat.fi\" target=\"_blank\" rel=\"noreferrer noopener\">marianne.liitela@suomenkylat.fi<\/a><\/p>\n<p>Lis\u00e4tietoja viestint\u00e4materiaalista:\u00a0<a href=\"mailto:anssi.ketonen@suomenkylat.fi\" target=\"_blank\" rel=\"noreferrer noopener\">anssi.ketonen@suomenkylat.fi<\/a>.<\/p>\n<p>Vinkkej\u00e4 ja neuvoja tapahtuman j\u00e4rjest\u00e4miseen oman maakunnallisen kyl\u00e4yhdistyksen tai Leader-ryhm\u00e4n Avoimet Kyl\u00e4t -yhteyshenkil\u00f6lt\u00e4:\u00a0<a href=\"mailto:frida@aktion.fi\">frida@aktion.fi<\/a><\/p>\n<p>[\/et_pb_text][\/et_pb_column][\/et_pb_row][\/et_pb_section]<\/p>\n","protected":false},"excerpt":{"rendered":"<p>AVOIMET KYL\u00c4T -P\u00c4IV\u00c4 ON SUOMEN SUURIN KYL\u00c4TAPAHTUMA Avoimet kyl\u00e4t -p\u00e4iv\u00e4 j\u00e4rjestet\u00e4\u00e4n\u00a010.6.2023\u00a0valtakunnallisesti jo yhdeks\u00e4tt\u00e4 kertaa. P\u00e4iv\u00e4n tavoitteena on lis\u00e4t\u00e4 kyl\u00e4matkailua ja samalla tuoda parrasvaloihin kylien monipuolista toimintaa. Tapahtumissa esitell\u00e4\u00e4n kyli\u00e4 matkailijoille [&hellip;]<\/p>\n","protected":false},"author":15,"featured_media":306419,"comment_status":"open","ping_status":"closed","sticky":false,"template":"","format":"standard","meta":{"_acf_changed":false,"_et_pb_use_builder":"on","_et_pb_old_content":"","_et_gb_content_width":"","footnotes":""},"categories":[48,164],"tags":[],"class_list":["post-306417","post","type-post","status-publish","format-standard","has-post-thumbnail","hentry","category-aktionosterbotten","category-kylat"],"acf":[],"_links":{"self":[{"href":"https:\/\/aktion.fi\/fi\/wp-json\/wp\/v2\/posts\/306417","targetHints":{"allow":["GET"]}}],"collection":[{"href":"https:\/\/aktion.fi\/fi\/wp-json\/wp\/v2\/posts"}],"about":[{"href":"https:\/\/aktion.fi\/fi\/wp-json\/wp\/v2\/types\/post"}],"author":[{"embeddable":true,"href":"https:\/\/aktion.fi\/fi\/wp-json\/wp\/v2\/users\/15"}],"replies":[{"embeddable":true,"href":"https:\/\/aktion.fi\/fi\/wp-json\/wp\/v2\/comments?post=306417"}],"version-history":[{"count":4,"href":"https:\/\/aktion.fi\/fi\/wp-json\/wp\/v2\/posts\/306417\/revisions"}],"predecessor-version":[{"id":308204,"href":"https:\/\/aktion.fi\/fi\/wp-json\/wp\/v2\/posts\/306417\/revisions\/308204"}],"wp:featuredmedia":[{"embeddable":true,"href":"https:\/\/aktion.fi\/fi\/wp-json\/wp\/v2\/media\/306419"}],"wp:attachment":[{"href":"https:\/\/aktion.fi\/fi\/wp-json\/wp\/v2\/media?parent=306417"}],"wp:term":[{"taxonomy":"category","embeddable":true,"href":"https:\/\/aktion.fi\/fi\/wp-json\/wp\/v2\/categories?post=306417"},{"taxonomy":"post_tag","embeddable":true,"href":"https:\/\/aktion.fi\/fi\/wp-json\/wp\/v2\/tags?post=306417"}],"curies":[{"name":"wp","href":"https:\/\/api.w.org\/{rel}","templated":true}]}}