{"id":306844,"date":"2022-10-15T07:51:00","date_gmt":"2022-10-15T04:51:00","guid":{"rendered":"https:\/\/aktion.fi\/?p=306844"},"modified":"2024-09-09T09:25:35","modified_gmt":"2024-09-09T06:25:35","slug":"kirjapainotaidetta-kaikille-pietarsaaressa","status":"publish","type":"post","link":"https:\/\/aktion.fi\/fi\/kirjapainotaidetta-kaikille-pietarsaaressa\/","title":{"rendered":"KIRJAPAINOTAIDETTA KAIKILLE PIETARSAARESSA"},"content":{"rendered":"<p>[et_pb_section fb_built=&#8221;1&#8243; _builder_version=&#8221;4.22.1&#8243; _module_preset=&#8221;default&#8221; global_colors_info=&#8221;{}&#8221; theme_builder_area=&#8221;post_content&#8221;][et_pb_row _builder_version=&#8221;4.22.1&#8243; _module_preset=&#8221;default&#8221; global_colors_info=&#8221;{}&#8221; theme_builder_area=&#8221;post_content&#8221;][et_pb_column type=&#8221;4_4&#8243; _builder_version=&#8221;4.22.1&#8243; _module_preset=&#8221;default&#8221; global_colors_info=&#8221;{}&#8221; theme_builder_area=&#8221;post_content&#8221;][et_pb_image src=&#8221;http:\/\/aktion.fi\/wp-content\/uploads\/2024\/06\/IMG_2082-scaled-1.jpg&#8221; title_text=&#8221;IMG_2082-scaled&#8221; _builder_version=&#8221;4.22.1&#8243; _module_preset=&#8221;default&#8221; global_colors_info=&#8221;{}&#8221; theme_builder_area=&#8221;post_content&#8221;][\/et_pb_image][et_pb_text _builder_version=&#8221;4.22.1&#8243; _module_preset=&#8221;default&#8221; global_colors_info=&#8221;{}&#8221; theme_builder_area=&#8221;post_content&#8221;]<\/p>\n<p>Camilla Gunnar on ker\u00e4nnyt vanhoja painotarvikkeita vuosia.<\/p>\n<p>K\u00e4r\u00e4j\u00e4oikeudenkadulla Pietarsaaressa tuntuu kuin olisi jossain menneen ajan maailmassa. Hiekkatiet\u00e4 reunustavat vanhat puutalot, on ruutuikkunoita ja mansardikattoja. Sama vanha tunnelma jatkuu astuttaessa sis\u00e4\u00e4n talo numero nelj\u00e4\u00e4n, huoneistoon, joka kuuluu Bland Typer och tryck -yhdistykselle. Yhdistys haluaa edist\u00e4\u00e4 vanhan kirjapainotaidon s\u00e4ilymist\u00e4. Huoneisto on remontoitu Aktion \u00d6sterbottenin tuella ja kirjaimellisesti tukea tarvittiinkin, jotta vanha lattia saatiin kannattelemaan Ruotsista hankittu vanha painokone.<\/p>\n<p>-Asunto oli todella hieno, mutta se vaati paljon remonttia, jota ei olisi voitu toteuttaa ilman tukea. Esimerkiksi maata piti kaivaa metrin verran pois lattian alta ja hankkia asbestipurkajat, yhdistyksen puheenjohtaja<span>\u00a0<\/span><strong>Camilla Gunnar<span>\u00a0<\/span><\/strong>kertoo.<\/p>\n<h4 class=\"wp-block-heading\">K\u00c4SINTY\u00d6SKENTELY LIS\u00c4\u00c4 HYVINVOINTIA<\/h4>\n<p>Camilla opiskeli Ruotsissa Kuninkaallisessa taidekorkeakoulussa, kun innostui kirjapainotaiteesta ja se vei mukanaan. Painokoneensa h\u00e4n hankki sattumien kautta ty\u00f6skennelless\u00e4\u00e4n merihistoriallisessa museossa viikonloppuisin. Museon ty\u00f6ntekij\u00e4 oli kuullut h\u00e4nen innostuksestaan ja tiesi, mist\u00e4 Camilla saisi painokoneen. Kokoelma on karttunut ja nyt yksi huone on t\u00e4ynn\u00e4 kirjasimia, kasteja ja kaikkea k\u00e4sin painamiseen liittyv\u00e4\u00e4 materiaalia.<\/p>\n<p>\u2013 Kun 1960-luvulla siirryttiin offset-painoihin, heitettiin paljon pois. Alan ammattilaisten kuolinpesist\u00e4 saattaa l\u00f6yty\u00e4 painokoneita ja kirjasimia ja ne halutaan yleens\u00e4 myyd\u00e4 yhdess\u00e4. Pelkki\u00e4 kirjasimia voi olla vaikea l\u00f6yt\u00e4\u00e4.<\/p>\n<p>Englannissa ja Hollannissa kirjapainotaide on suosittua, Suomessa ei kovin monia alan taitajia ole. Yhdistyksen tavoitteena onkin vied\u00e4 taitoa eteenp\u00e4in pit\u00e4m\u00e4ll\u00e4 kursseja, teemailtoja ja muuta toimintaa ja jakaa tietoa ja inspiraatiota.<\/p>\n<p>Mik\u00e4 Camillaa sitten itse kiehtoo t\u00e4ss\u00e4 taiteenmuodossa?<\/p>\n<p>-Kun n\u00e4it\u00e4 tekee itse k\u00e4sill\u00e4, tiet\u00e4\u00e4, mit\u00e4 tapahtuu. Tietokoneella ty\u00f6skennelless\u00e4 ei aina voi olla varma, mit\u00e4 tapahtuu ja miksi. Kun ty\u00f6skentelee k\u00e4sin, tulee uusia ideoita ja visioita. K\u00e4sin ty\u00f6skentely, oli se sitten t\u00e4t\u00e4, virkkausta tai vaikka kutomista, lis\u00e4\u00e4 se hyvinvointia. Nyt on tultu liian kauaksi itse tekemisest\u00e4, t\u00e4rke\u00e4\u00e4 on my\u00f6s se, ettei kaikki tapahdu niin nopeasti.<\/p>\n<h4 class=\"wp-block-heading\">YHTEISTY\u00d6 SUJUU TAITEILIJOIDEN V\u00c4LILL\u00c4<\/h4>\n<p>Ruotsissa 20 vuotta asunut Camilla muutti perheens\u00e4 kanssa takaisin kotikaupunkiinsa Pietarsaareen. H\u00e4n kehuu, ett\u00e4 Suomessa on ollut Ruotsia helpompi hoitaa asioita. T\u00e4\u00e4ll\u00e4 saa apua suoraan ihmisilt\u00e4, Ruotsissa pit\u00e4\u00e4 vain l\u00e4hetell\u00e4 s\u00e4hk\u00f6posteja ja odotella viikkoja. My\u00f6s Pietarsaari on ihanteellinen paikka asua, t\u00e4\u00e4ll\u00e4 on kaikki tarpeellinen l\u00e4hell\u00e4 ja muiden yhdistysten ja taiteilijoiden kanssa tehd\u00e4\u00e4n hyv\u00e4\u00e4 yhteisty\u00f6t\u00e4 ja sanataide on vahvaa.<br \/>Yhdistyksen tavoitteena onkin, ett\u00e4 tilasta tulee sanataiteeseen, kuvien ja tekstink\u00e4ytt\u00f6\u00f6n ja kirjapainoon liittyv\u00e4 kohtauspaikka.<\/p>\n<p>-Moni t\u00e4\u00e4ll\u00e4 k\u00e4ynyt on kehunut tilan tunnelmaa. Kursseille ei riit\u00e4 tietenk\u00e4\u00e4n joka viikko v\u00e4ke\u00e4, mutta tilaa voi my\u00f6s vuokrata, jos haluaa vaikka omaa projektia varten painaa jotain k\u00e4sin, kuten julisteita, posti- tai k\u00e4yntikortteja. My\u00f6s AfterWork-iltoja voisi j\u00e4rjest\u00e4\u00e4 ty\u00f6porukoille. Voimme lis\u00e4t\u00e4 my\u00f6s kansainv\u00e4list\u00e4 yhteisty\u00f6t\u00e4 ja kutsua t\u00e4nne my\u00f6s taiteilijavieraita, sill\u00e4 t\u00e4\u00e4ll\u00e4 on mahdollisuus y\u00f6py\u00e4, listaa Camilla.<\/p>\n<p>[\/et_pb_text][et_pb_image src=&#8221;http:\/\/aktion.fi\/wp-content\/uploads\/2024\/06\/B4D1D2AB-99E0-44CE-A1DD-DA0517EDF795-scaled-1.jpeg&#8221; title_text=&#8221;B4D1D2AB-99E0-44CE-A1DD-DA0517EDF795-scaled&#8221; _builder_version=&#8221;4.22.1&#8243; _module_preset=&#8221;default&#8221; global_colors_info=&#8221;{}&#8221; theme_builder_area=&#8221;post_content&#8221;][\/et_pb_image][et_pb_text _builder_version=&#8221;4.22.1&#8243; _module_preset=&#8221;default&#8221; global_colors_info=&#8221;{}&#8221; theme_builder_area=&#8221;post_content&#8221;]<\/p>\n<p>Teksti ja kuvat: Kirsi Tikkanen, viestint\u00e4suunnittelija<\/p>\n<p>Oletko kiinnostunut tiet\u00e4m\u00e4\u00e4n lis\u00e4\u00e4 yhdistysten kehitt\u00e4mis- ja investointituista?<br \/>Ota yhteytt\u00e4 Leader-neuvojiimme!<\/p>\n<p>[\/et_pb_text][et_pb_image src=&#8221;http:\/\/aktion.fi\/wp-content\/uploads\/2024\/06\/yhteystiedot-1-1-640&#215;640-1.png&#8221; title_text=&#8221;yhteystiedot-1-1-640&#215;640&#8243; _builder_version=&#8221;4.22.1&#8243; _module_preset=&#8221;default&#8221; global_colors_info=&#8221;{}&#8221; theme_builder_area=&#8221;post_content&#8221;][\/et_pb_image][\/et_pb_column][\/et_pb_row][\/et_pb_section]<\/p>\n","protected":false},"excerpt":{"rendered":"<p>Camilla Gunnar on ker\u00e4nnyt vanhoja painotarvikkeita vuosia. K\u00e4r\u00e4j\u00e4oikeudenkadulla Pietarsaaressa tuntuu kuin olisi jossain menneen ajan maailmassa. Hiekkatiet\u00e4 reunustavat vanhat puutalot, on ruutuikkunoita ja mansardikattoja. Sama vanha tunnelma jatkuu astuttaessa sis\u00e4\u00e4n [&hellip;]<\/p>\n","protected":false},"author":4,"featured_media":306820,"comment_status":"open","ping_status":"closed","sticky":false,"template":"","format":"standard","meta":{"_acf_changed":false,"_et_pb_use_builder":"on","_et_pb_old_content":"","_et_gb_content_width":"","footnotes":""},"categories":[48],"tags":[],"class_list":["post-306844","post","type-post","status-publish","format-standard","has-post-thumbnail","hentry","category-aktionosterbotten"],"acf":[],"_links":{"self":[{"href":"https:\/\/aktion.fi\/fi\/wp-json\/wp\/v2\/posts\/306844","targetHints":{"allow":["GET"]}}],"collection":[{"href":"https:\/\/aktion.fi\/fi\/wp-json\/wp\/v2\/posts"}],"about":[{"href":"https:\/\/aktion.fi\/fi\/wp-json\/wp\/v2\/types\/post"}],"author":[{"embeddable":true,"href":"https:\/\/aktion.fi\/fi\/wp-json\/wp\/v2\/users\/4"}],"replies":[{"embeddable":true,"href":"https:\/\/aktion.fi\/fi\/wp-json\/wp\/v2\/comments?post=306844"}],"version-history":[{"count":4,"href":"https:\/\/aktion.fi\/fi\/wp-json\/wp\/v2\/posts\/306844\/revisions"}],"predecessor-version":[{"id":308232,"href":"https:\/\/aktion.fi\/fi\/wp-json\/wp\/v2\/posts\/306844\/revisions\/308232"}],"wp:featuredmedia":[{"embeddable":true,"href":"https:\/\/aktion.fi\/fi\/wp-json\/wp\/v2\/media\/306820"}],"wp:attachment":[{"href":"https:\/\/aktion.fi\/fi\/wp-json\/wp\/v2\/media?parent=306844"}],"wp:term":[{"taxonomy":"category","embeddable":true,"href":"https:\/\/aktion.fi\/fi\/wp-json\/wp\/v2\/categories?post=306844"},{"taxonomy":"post_tag","embeddable":true,"href":"https:\/\/aktion.fi\/fi\/wp-json\/wp\/v2\/tags?post=306844"}],"curies":[{"name":"wp","href":"https:\/\/api.w.org\/{rel}","templated":true}]}}