{"id":307127,"date":"2021-09-07T19:07:00","date_gmt":"2021-09-07T16:07:00","guid":{"rendered":"https:\/\/aktion.fi\/?p=307127"},"modified":"2024-09-09T09:44:57","modified_gmt":"2024-09-09T06:44:57","slug":"korona-avustus-seurantaloille","status":"publish","type":"post","link":"https:\/\/aktion.fi\/fi\/korona-avustus-seurantaloille\/","title":{"rendered":"KORONA-AVUSTUS SEURANTALOILLE"},"content":{"rendered":"<p>[et_pb_section fb_built=&#8221;1&#8243; _builder_version=&#8221;4.22.1&#8243; _module_preset=&#8221;default&#8221; global_colors_info=&#8221;{}&#8221; theme_builder_area=&#8221;post_content&#8221;][et_pb_row _builder_version=&#8221;4.22.1&#8243; _module_preset=&#8221;default&#8221; global_colors_info=&#8221;{}&#8221; theme_builder_area=&#8221;post_content&#8221;][et_pb_column type=&#8221;4_4&#8243; _builder_version=&#8221;4.22.1&#8243; _module_preset=&#8221;default&#8221; global_colors_info=&#8221;{}&#8221; theme_builder_area=&#8221;post_content&#8221;][et_pb_text _builder_version=&#8221;4.22.1&#8243; _module_preset=&#8221;default&#8221; global_colors_info=&#8221;{}&#8221; theme_builder_area=&#8221;post_content&#8221;]<\/p>\n<p>Korona-avustus on tarkoitettu seurantalomaisessa k\u00e4yt\u00f6ss\u00e4 olevia taloja yll\u00e4pit\u00e4ville yhteis\u00f6ille ja s\u00e4\u00e4ti\u00f6ille, joiden toiminta on vaikeutunut tai estynyt koronapandemiasta johtuvien rajoitusten ja suositusten vuoksi ajalla 1.4.-31.12.2021. Avustus on tarkoitettu talojen yll\u00e4pitokustannusten kattamiseen.<\/p>\n<p>Opetus- ja kulttuuriministeri\u00f6n my\u00f6nt\u00e4m\u00e4\u00e4 avustusta voidaan k\u00e4ytt\u00e4\u00e4 rakennusten yll\u00e4pidosta aiheutuviin kustannuksiin, joita ovat muun muassa s\u00e4hk\u00f6-, l\u00e4mmitys- ja vesimaksut, tietoliikennemaksut, vakuutukset, kiinteist\u00f6verot ja kiinteist\u00f6huollon menot.<\/p>\n<p>Avustusta ei voida k\u00e4ytt\u00e4\u00e4 hallinnon tai toiminnan vet\u00e4jien palkkoihin, muihin toimintamenoihin, lainanhoitokuluihin tai lainan lyhennyksiin.\u00a0Avustuksella ei voida my\u00f6sk\u00e4\u00e4n kattaa varsinaisten korjausinvestointien tai peruskorjaamisen kustannuksia.<\/p>\n<p>Hakuaika p\u00e4\u00e4ttyy 23.9.2021 klo 16.15.<\/p>\n<p>Avustusta haetaan opetus- ja kulttuuriministeri\u00f6n asiointipalvelussa. Lis\u00e4tietoja Kotiseutuliiton ja opetus- ja kulttuuriministeri\u00f6n sivuilta: https:\/\/minedu.fi\/-\/korona-avustus-seurantaloja-yllapitaville-yhteisoille<\/p>\n<p>[\/et_pb_text][\/et_pb_column][\/et_pb_row][\/et_pb_section]<\/p>\n","protected":false},"excerpt":{"rendered":"<p>Korona-avustus on tarkoitettu seurantalomaisessa k\u00e4yt\u00f6ss\u00e4 olevia taloja yll\u00e4pit\u00e4ville yhteis\u00f6ille ja s\u00e4\u00e4ti\u00f6ille, joiden toiminta on vaikeutunut tai estynyt koronapandemiasta johtuvien rajoitusten ja suositusten vuoksi ajalla 1.4.-31.12.2021. Avustus on tarkoitettu talojen yll\u00e4pitokustannusten [&hellip;]<\/p>\n","protected":false},"author":22,"featured_media":307130,"comment_status":"closed","ping_status":"closed","sticky":false,"template":"","format":"standard","meta":{"_acf_changed":false,"_et_pb_use_builder":"on","_et_pb_old_content":"","_et_gb_content_width":"","footnotes":""},"categories":[48],"tags":[],"class_list":["post-307127","post","type-post","status-publish","format-standard","has-post-thumbnail","hentry","category-aktionosterbotten"],"acf":[],"_links":{"self":[{"href":"https:\/\/aktion.fi\/fi\/wp-json\/wp\/v2\/posts\/307127","targetHints":{"allow":["GET"]}}],"collection":[{"href":"https:\/\/aktion.fi\/fi\/wp-json\/wp\/v2\/posts"}],"about":[{"href":"https:\/\/aktion.fi\/fi\/wp-json\/wp\/v2\/types\/post"}],"author":[{"embeddable":true,"href":"https:\/\/aktion.fi\/fi\/wp-json\/wp\/v2\/users\/22"}],"replies":[{"embeddable":true,"href":"https:\/\/aktion.fi\/fi\/wp-json\/wp\/v2\/comments?post=307127"}],"version-history":[{"count":4,"href":"https:\/\/aktion.fi\/fi\/wp-json\/wp\/v2\/posts\/307127\/revisions"}],"predecessor-version":[{"id":308278,"href":"https:\/\/aktion.fi\/fi\/wp-json\/wp\/v2\/posts\/307127\/revisions\/308278"}],"wp:featuredmedia":[{"embeddable":true,"href":"https:\/\/aktion.fi\/fi\/wp-json\/wp\/v2\/media\/307130"}],"wp:attachment":[{"href":"https:\/\/aktion.fi\/fi\/wp-json\/wp\/v2\/media?parent=307127"}],"wp:term":[{"taxonomy":"category","embeddable":true,"href":"https:\/\/aktion.fi\/fi\/wp-json\/wp\/v2\/categories?post=307127"},{"taxonomy":"post_tag","embeddable":true,"href":"https:\/\/aktion.fi\/fi\/wp-json\/wp\/v2\/tags?post=307127"}],"curies":[{"name":"wp","href":"https:\/\/api.w.org\/{rel}","templated":true}]}}