{"id":307261,"date":"2021-03-12T02:48:00","date_gmt":"2021-03-12T02:48:00","guid":{"rendered":"https:\/\/aktion.fi\/?p=307261"},"modified":"2024-09-09T09:44:57","modified_gmt":"2024-09-09T06:44:57","slug":"overgangsperioden-har-inletts","status":"publish","type":"post","link":"https:\/\/aktion.fi\/fi\/overgangsperioden-har-inletts\/","title":{"rendered":"\u00d6VERG\u00c5NGSPERIODEN HAR INLETTS"},"content":{"rendered":"<p>[et_pb_section fb_built=&#8221;1&#8243; _builder_version=&#8221;4.22.1&#8243; _module_preset=&#8221;default&#8221; global_colors_info=&#8221;{}&#8221; theme_builder_area=&#8221;post_content&#8221;][et_pb_row _builder_version=&#8221;4.22.1&#8243; _module_preset=&#8221;default&#8221; global_colors_info=&#8221;{}&#8221; theme_builder_area=&#8221;post_content&#8221;][et_pb_column type=&#8221;4_4&#8243; _builder_version=&#8221;4.22.1&#8243; _module_preset=&#8221;default&#8221; global_colors_info=&#8221;{}&#8221; theme_builder_area=&#8221;post_content&#8221;][et_pb_image src=&#8221;http:\/\/aktion.fi\/wp-content\/uploads\/2024\/06\/IMG_0259.jpeg&#8221; title_text=&#8221;IMG_0259&#8243; _builder_version=&#8221;4.22.1&#8243; _module_preset=&#8221;default&#8221; global_colors_info=&#8221;{}&#8221; theme_builder_area=&#8221;post_content&#8221;][\/et_pb_image][et_pb_text _builder_version=&#8221;4.22.1&#8243; _module_preset=&#8221;default&#8221; global_colors_info=&#8221;{}&#8221; theme_builder_area=&#8221;post_content&#8221;]<\/p>\n<p>Arbetet med EU:s nya budgetperiod f\u00f6r unionens gemensamma jordbrukspolitik p\u00e5g\u00e5r som b\u00e4st. Fast Europeiska jordbruksfonden EJFLU:s p\u00e5g\u00e5ende programperiod tog slut vid \u00e5rsskiftet och den nya programperioden inte har b\u00f6rjat \u00e4nnu, kan st\u00f6d beviljas \u00e5t allm\u00e4nnyttiga f\u00f6reningar och f\u00f6retag p\u00e5 landsbygden. Detta \u00e4r en s\u00e5 kallad \u00f6verg\u00e5ngsperiod mellan budgetperioderna, fiinansieringsinstrumenten \u00e4r desamma, men medlen kommer fr\u00e5n budgeten f\u00f6r den nya perioden. Kust-\u00d6sterbottens Leader-grupp, Aktion \u00d6sterbotten tar emot projektans\u00f6kningar normalt.<br \/>\u2013 Det betyder att man kan s\u00f6ka st\u00f6d f\u00f6r att utveckla landsbygden och mikrof\u00f6retagens verksamhet p\u00e5 samma s\u00e4tt som tidigare under \u00e5ren 2021-2022, konstaterar verksamhetsledare<span>\u00a0<\/span><strong>Mathias H\u00f6gbacka<\/strong>.<\/p>\n<blockquote class=\"wp-block-quote\">\n<p>Det betyder att man kan s\u00f6ka st\u00f6d f\u00f6r att utveckla landsbygden och mikrof\u00f6retagens verksamhet p\u00e5 samma s\u00e4tt som tidigare.<\/p>\n<\/blockquote>\n<p>De nuvarande Leadergrupperna forts\u00e4tter att genomf\u00f6ra sina nuvarande lokalt ledda strategier under \u00f6verg\u00e5ngsperioden.<br \/>\u2013\u00a0Internationella och interregionala projekt prioriteras och vi f\u00f6rs\u00f6ker fortfarande hitta nya s\u00f6kanden, speciell fokus ligger p\u00e5 finskspr\u00e5kiga akt\u00f6rer. Vi forts\u00e4tter att fokusera p\u00e5 kvinnor och ungdomar och byautvecklingsprojekt, s\u00e4ger H\u00f6gbacka.<\/p>\n<p>[\/et_pb_text][\/et_pb_column][\/et_pb_row][\/et_pb_section]<\/p>\n","protected":false},"excerpt":{"rendered":"<p>Arbetet med EU:s nya budgetperiod f\u00f6r unionens gemensamma jordbrukspolitik p\u00e5g\u00e5r som b\u00e4st. Fast Europeiska jordbruksfonden EJFLU:s p\u00e5g\u00e5ende programperiod tog slut vid \u00e5rsskiftet och den nya programperioden inte har b\u00f6rjat \u00e4nnu, [&hellip;]<\/p>\n","protected":false},"author":22,"featured_media":307263,"comment_status":"closed","ping_status":"closed","sticky":false,"template":"","format":"standard","meta":{"_acf_changed":false,"_et_pb_use_builder":"on","_et_pb_old_content":"","_et_gb_content_width":"","footnotes":""},"categories":[48,50],"tags":[103],"class_list":["post-307261","post","type-post","status-publish","format-standard","has-post-thumbnail","hentry","category-aktionosterbotten","category-aktionosterbottenrf","tag-leader-2"],"acf":[],"_links":{"self":[{"href":"https:\/\/aktion.fi\/fi\/wp-json\/wp\/v2\/posts\/307261","targetHints":{"allow":["GET"]}}],"collection":[{"href":"https:\/\/aktion.fi\/fi\/wp-json\/wp\/v2\/posts"}],"about":[{"href":"https:\/\/aktion.fi\/fi\/wp-json\/wp\/v2\/types\/post"}],"author":[{"embeddable":true,"href":"https:\/\/aktion.fi\/fi\/wp-json\/wp\/v2\/users\/22"}],"replies":[{"embeddable":true,"href":"https:\/\/aktion.fi\/fi\/wp-json\/wp\/v2\/comments?post=307261"}],"version-history":[{"count":4,"href":"https:\/\/aktion.fi\/fi\/wp-json\/wp\/v2\/posts\/307261\/revisions"}],"predecessor-version":[{"id":308296,"href":"https:\/\/aktion.fi\/fi\/wp-json\/wp\/v2\/posts\/307261\/revisions\/308296"}],"wp:featuredmedia":[{"embeddable":true,"href":"https:\/\/aktion.fi\/fi\/wp-json\/wp\/v2\/media\/307263"}],"wp:attachment":[{"href":"https:\/\/aktion.fi\/fi\/wp-json\/wp\/v2\/media?parent=307261"}],"wp:term":[{"taxonomy":"category","embeddable":true,"href":"https:\/\/aktion.fi\/fi\/wp-json\/wp\/v2\/categories?post=307261"},{"taxonomy":"post_tag","embeddable":true,"href":"https:\/\/aktion.fi\/fi\/wp-json\/wp\/v2\/tags?post=307261"}],"curies":[{"name":"wp","href":"https:\/\/api.w.org\/{rel}","templated":true}]}}